{"id":2471,"date":"2026-01-13T19:36:56","date_gmt":"2026-01-13T19:36:56","guid":{"rendered":"https:\/\/andradeseguros.com.br\/news\/?p=2471"},"modified":"2026-01-13T19:40:26","modified_gmt":"2026-01-13T19:40:26","slug":"identidade-digital-como-primeira-linha-de-defesa-por-que-a-confianca-comeca-no-cidadao","status":"publish","type":"post","link":"https:\/\/andradeseguros.com.br\/news\/?p=2471","title":{"rendered":"Identidade digital como primeira linha de defesa \u2014 por que a confian\u00e7a come\u00e7a no cidad\u00e3o"},"content":{"rendered":"\n<p>Fonte: Linkedin Manoel Matos &#8211; Corretor de Seguros e Vice Presidente da Fenacor<\/p>\n\n\n\n<figure class=\"wp-block-image size-large\"><a href=\"https:\/\/andradeseguros.com.br\/news\/wp-content\/uploads\/2026\/01\/Manoel-Matos-1768329155595.png\"><img loading=\"lazy\" width=\"1024\" height=\"576\" src=\"https:\/\/andradeseguros.com.br\/news\/wp-content\/uploads\/2026\/01\/Manoel-Matos-1768329155595-1024x576.png\" alt=\"\" class=\"wp-image-2472\" srcset=\"https:\/\/andradeseguros.com.br\/news\/wp-content\/uploads\/2026\/01\/Manoel-Matos-1768329155595-1024x576.png 1024w, https:\/\/andradeseguros.com.br\/news\/wp-content\/uploads\/2026\/01\/Manoel-Matos-1768329155595-300x169.png 300w, https:\/\/andradeseguros.com.br\/news\/wp-content\/uploads\/2026\/01\/Manoel-Matos-1768329155595-768x432.png 768w, https:\/\/andradeseguros.com.br\/news\/wp-content\/uploads\/2026\/01\/Manoel-Matos-1768329155595.png 1280w\" sizes=\"(max-width: 1024px) 100vw, 1024px\" \/><\/a><\/figure>\n\n\n\n<p><strong>S<\/strong>eguran\u00e7a digital costuma ser tratada a partir de camadas tecnol\u00f3gicas sofisticadas: firewalls, criptografia, SOCs, centros de resposta a incidentes. Tudo isso \u00e9 relevante. Mas existe um ponto anterior, estrutural e muitas vezes negligenciado, onde nascem as maiores fragilidades sist\u00eamicas: a&nbsp;<strong>identidade digital do cidad\u00e3o<\/strong>.<\/p>\n\n\n\n<p>Nenhuma estrat\u00e9gia nacional de ciberseguran\u00e7a se sustenta se o indiv\u00edduo \u2014 pessoa f\u00edsica ou representante legal de uma empresa \u2014 n\u00e3o protege adequadamente suas credenciais eletr\u00f4nicas. Quando a identidade \u00e9 fr\u00e1gil, todo o sistema \u00e9 vulner\u00e1vel. Ataques n\u00e3o come\u00e7am nos servidores; come\u00e7am no uso indevido de uma identidade mal protegida.<\/p>\n\n\n\n<p>\u00c9 por isso que a&nbsp;<strong>ICP-Brasil<\/strong>&nbsp;n\u00e3o deve ser vista apenas como uma infraestrutura t\u00e9cnica, mas como um&nbsp;<strong>pilar civilizat\u00f3rio da economia digital brasileira<\/strong>. Ela estabelece um v\u00ednculo jur\u00eddico, criptogr\u00e1fico e operacional entre um indiv\u00edduo real e seus atos no mundo digital. Onde h\u00e1 identidade forte, h\u00e1 responsabiliza\u00e7\u00e3o, confian\u00e7a e previsibilidade. Onde ela falha, surgem fraudes, disputas e instabilidade.<\/p>\n\n\n\n<h3>Corretores de seguros: guardi\u00f5es hist\u00f3ricos da identidade digital<\/h3>\n\n\n\n<p>H\u00e1 mais de 15 anos, um ator institucional exerce um papel silencioso, consistente e pouco reconhecido na prote\u00e7\u00e3o da identidade digital no Brasil:&nbsp;<strong>os Corretores de Seguros<\/strong>.<\/p>\n\n\n\n<p>Por meio das Autoridades Certificadoras vinculadas \u00e0s suas entidades representativas \u2014&nbsp;<strong>FENACOR<\/strong>&nbsp;e os&nbsp;<strong>Sincor<\/strong>&nbsp;\u2014 os corretores passaram a&nbsp;<strong>emitir certificados digitais ICP-Brasil para seus clientes<\/strong>, cumprindo rigorosos procedimentos de identifica\u00e7\u00e3o presencial, valida\u00e7\u00e3o documental e orienta\u00e7\u00e3o sobre o uso seguro de credenciais eletr\u00f4nicas.<\/p>\n\n\n\n<p>Esse trabalho nunca foi apenas operacional. Sempre envolveu&nbsp;<strong>educa\u00e7\u00e3o, aconselhamento e responsabilidade<\/strong>. Ao emitir um certificado digital, o corretor n\u00e3o entrega apenas uma chave criptogr\u00e1fica; ele ensina o valor da identidade, o risco do compartilhamento indevido, a import\u00e2ncia da cust\u00f3dia correta e as consequ\u00eancias jur\u00eddicas do mau uso.<\/p>\n\n\n\n<p>Muito antes de a ciberseguran\u00e7a se tornar pauta recorrente, o corretor j\u00e1 atuava como&nbsp;<strong>agente de confian\u00e7a<\/strong>&nbsp;entre o cidad\u00e3o e a economia digital.<\/p>\n\n\n\n<h3>Identidade, assinatura e seguran\u00e7a jur\u00eddica<\/h3>\n\n\n\n<p>N\u00e3o \u00e9 coincid\u00eancia que a consolida\u00e7\u00e3o normativa das assinaturas eletr\u00f4nicas no Brasil tenha contado com a lideran\u00e7a de um corretor de seguros. A relatoria que deu origem \u00e0&nbsp;<strong>Lei n\u00ba 14.063\/2020<\/strong>, marco regulat\u00f3rio do uso de assinaturas eletr\u00f4nicas no pa\u00eds, foi conduzida pelo ent\u00e3o Deputado Federal&nbsp;<strong>Lucas Vergilio<\/strong>, corretor de seguros e presidente da&nbsp;<strong>ENS \u2013 Escola de Neg\u00f3cios e Seguros<\/strong>.<\/p>\n\n\n\n<p>Esse dado n\u00e3o \u00e9 apenas hist\u00f3rico. Ele revela uma coer\u00eancia institucional: quem sempre lidou com risco, confian\u00e7a, prova e responsabilidade compreendeu, antes de muitos, que&nbsp;<strong>identidade digital \u00e9 infraestrutura jur\u00eddica<\/strong>, n\u00e3o conveni\u00eancia tecnol\u00f3gica.<\/p>\n\n\n\n<p>Assinar digitalmente n\u00e3o \u00e9 \u201cclicar\u201d. \u00c9 exercer vontade com valor probat\u00f3rio, com efeitos legais e com impactos econ\u00f4micos. E isso s\u00f3 \u00e9 poss\u00edvel quando a identidade que sustenta esse ato \u00e9 s\u00f3lida, verific\u00e1vel e protegida.<\/p>\n\n\n\n<h3>Ciberseguran\u00e7a come\u00e7a no indiv\u00edduo<\/h3>\n\n\n\n<p>As recentes iniciativas do Estado brasileiro \u2014 eleva\u00e7\u00e3o da seguran\u00e7a da informa\u00e7\u00e3o ao n\u00edvel estrat\u00e9gico, defini\u00e7\u00e3o de uma Estrat\u00e9gia Nacional de Ciberseguran\u00e7a e discuss\u00e3o sobre uma Autoridade Nacional dedicada ao tema \u2014 caminham na dire\u00e7\u00e3o correta. Elas fortalecem governan\u00e7a, coordena\u00e7\u00e3o e resposta a incidentes.<\/p>\n\n\n\n<p>Mas \u00e9 fundamental reconhecer um ponto central:&nbsp;<strong>nenhuma pol\u00edtica p\u00fablica de ciberseguran\u00e7a ser\u00e1 eficaz se o cidad\u00e3o continuar sendo o elo fraco da cadeia<\/strong>.<\/p>\n\n\n\n<p>\u2022 Sistemas podem ser resilientes, mas identidades fr\u00e1geis os tornam vulner\u00e1veis.<\/p>\n\n\n\n<p>\u2022 Infraestruturas podem ser robustas, mas credenciais mal protegidas as exp\u00f5em.<\/p>\n\n\n\n<p>\u2022 Governan\u00e7a pode ser sofisticada, mas sem identidade forte n\u00e3o h\u00e1 confian\u00e7a digital sustent\u00e1vel.<\/p>\n\n\n\n<p>A identidade digital \u00e9 o ponto de entrada de tudo: contratos, consentimentos, transa\u00e7\u00f5es financeiras, ap\u00f3lices, registros p\u00fablicos, dados sens\u00edveis. Proteg\u00ea-la n\u00e3o \u00e9 op\u00e7\u00e3o; \u00e9 condi\u00e7\u00e3o de sobreviv\u00eancia na economia digital.<\/p>\n\n\n\n<h3>Seguro, identidade e resili\u00eancia: uma arquitetura integrada<\/h3>\n\n\n\n<p>Nesse contexto, o setor de seguros ocupa uma posi\u00e7\u00e3o singular. Ele opera infraestruturas cr\u00edticas, protege patrim\u00f4nios, viabiliza recupera\u00e7\u00e3o econ\u00f4mica e \u2014 muitas vezes \u2014 atua justamente quando os controles falharam.<\/p>\n\n\n\n<p>Mas h\u00e1 algo ainda mais profundo:&nbsp;<strong>seguro e identidade digital compartilham o mesmo fundamento \u2014 confian\u00e7a baseada em prova<\/strong>.<\/p>\n\n\n\n<p>N\u00e3o h\u00e1 seguro sem identifica\u00e7\u00e3o correta do risco. N\u00e3o h\u00e1 indeniza\u00e7\u00e3o sem comprova\u00e7\u00e3o. N\u00e3o h\u00e1 resili\u00eancia sem responsabiliza\u00e7\u00e3o clara.<\/p>\n\n\n\n<p>Quando corretores orientam seus clientes sobre identidade digital, quando emitem certificados ICP-Brasil, quando educam sobre uso seguro de credenciais, eles n\u00e3o est\u00e3o apenas prevenindo fraudes. Est\u00e3o&nbsp;<strong>fortalecendo todo o ecossistema de prote\u00e7\u00e3o a riscos<\/strong>.<\/p>\n\n\n\n<h3>A confian\u00e7a come\u00e7a antes da tecnologia<\/h3>\n\n\n\n<p>A maturidade digital de um pa\u00eds n\u00e3o se mede apenas por normas, plataformas ou investimentos em ciberseguran\u00e7a. Ela come\u00e7a no n\u00edvel mais b\u00e1sico \u2014&nbsp;<strong>na forma como o cidad\u00e3o protege sua pr\u00f3pria identidade digital<\/strong>.<\/p>\n\n\n\n<p>O Brasil possui uma vantagem estrutural rara:&nbsp;<strong>uma infraestrutura nacional de identidade digital madura e uma categoria profissional que, h\u00e1 d\u00e9cadas, atua como guardi\u00e3 dessa confian\u00e7a.<\/strong><\/p>\n\n\n\n<p>Reconhecer, fortalecer e integrar esse papel \u00e9 essencial para qualquer estrat\u00e9gia s\u00e9ria de ciberseguran\u00e7a, governan\u00e7a digital e resili\u00eancia econ\u00f4mica.<\/p>\n\n\n\n<p>Porque, no fim,&nbsp;<strong>quando a identidade \u00e9 forte, o sistema resiste<\/strong>. Quando ela falha, todo o resto se torna secund\u00e1rio.<\/p>\n\n\n\n<p><strong><a href=\"https:\/\/www.linkedin.com\/search\/results\/all\/?keywords=%23ciberseguran%C3%A7a&amp;origin=HASH_TAG_FROM_FEED&amp;trk=article-ssr-frontend-pulse_little-text-block\" target=\"_blank\" rel=\"noreferrer noopener\">hashtag#Ciberseguran\u00e7a<\/a><\/strong>&nbsp;<strong><a href=\"https:\/\/www.linkedin.com\/search\/results\/all\/?keywords=%23seguros&amp;origin=HASH_TAG_FROM_FEED&amp;trk=article-ssr-frontend-pulse_little-text-block\" target=\"_blank\" rel=\"noreferrer noopener\">hashtag#Seguros<\/a><\/strong>&nbsp;<strong><a href=\"https:\/\/www.linkedin.com\/search\/results\/all\/?keywords=%23resili%C3%AAncia&amp;origin=HASH_TAG_FROM_FEED&amp;trk=article-ssr-frontend-pulse_little-text-block\" target=\"_blank\" rel=\"noreferrer noopener\">hashtag#Resili\u00eancia<\/a><\/strong>&nbsp;<strong><a href=\"https:\/\/www.linkedin.com\/search\/results\/all\/?keywords=%23governan%C3%A7a&amp;origin=HASH_TAG_FROM_FEED&amp;trk=article-ssr-frontend-pulse_little-text-block\" target=\"_blank\" rel=\"noreferrer noopener\">hashtag#Governan\u00e7a<\/a><\/strong>&nbsp;<strong><a href=\"https:\/\/www.linkedin.com\/search\/results\/all\/?keywords=%23gest%C3%A3oderiscos&amp;origin=HASH_TAG_FROM_FEED&amp;trk=article-ssr-frontend-pulse_little-text-block\" target=\"_blank\" rel=\"noreferrer noopener\">hashtag#Gest\u00e3oDeRiscos<\/a><\/strong>&nbsp;<strong><a href=\"https:\/\/www.linkedin.com\/search\/results\/all\/?keywords=%23infraestruturacr%C3%ADtica&amp;origin=HASH_TAG_FROM_FEED&amp;trk=article-ssr-frontend-pulse_little-text-block\" target=\"_blank\" rel=\"noreferrer noopener\">hashtag#InfraestruturaCr\u00edtica<\/a><\/strong>&nbsp;<strong><a href=\"https:\/\/www.linkedin.com\/search\/results\/all\/?keywords=%23eciber&amp;origin=HASH_TAG_FROM_FEED&amp;trk=article-ssr-frontend-pulse_little-text-block\" target=\"_blank\" rel=\"noreferrer noopener\">hashtag#ECiber<\/a><\/strong>&nbsp;<strong><a href=\"https:\/\/www.linkedin.com\/search\/results\/all\/?keywords=%23in09&amp;origin=HASH_TAG_FROM_FEED&amp;trk=article-ssr-frontend-pulse_little-text-block\" target=\"_blank\" rel=\"noreferrer noopener\">hashtag#IN09<\/a><\/strong>&nbsp;<strong><a href=\"https:\/\/www.linkedin.com\/search\/results\/all\/?keywords=%23pl4752&amp;origin=HASH_TAG_FROM_FEED&amp;trk=article-ssr-frontend-pulse_little-text-block\" target=\"_blank\" rel=\"noreferrer noopener\">hashtag#PL4752<\/a><\/strong><\/p>\n\n\n\n<p><a href=\"https:\/\/br.linkedin.com\/in\/enylson-camolesi?trk=article-ssr-frontend-pulse_little-mention\" target=\"_blank\" rel=\"noreferrer noopener\">Enylson Camolesi&nbsp;<\/a><a href=\"https:\/\/eg.linkedin.com\/school\/information-technology-institute-iti-\/?trk=article-ssr-frontend-pulse_little-mention\" target=\"_blank\" rel=\"noreferrer noopener\">Information Technology Institute (ITI)<\/a>&nbsp;<a href=\"https:\/\/br.linkedin.com\/company\/laborat%C3%B3rio-de-seguran%C3%A7a-em-computa%C3%A7%C3%A3o?trk=article-ssr-frontend-pulse_little-mention\" target=\"_blank\" rel=\"noreferrer noopener\">Laborat\u00f3rio de Seguran\u00e7a em Computa\u00e7\u00e3o (LabSEC)<\/a>&nbsp;<a href=\"https:\/\/br.linkedin.com\/in\/lucasvergilio?trk=article-ssr-frontend-pulse_little-mention\" target=\"_blank\" rel=\"noreferrer noopener\">Lucas Vergilio&nbsp;<\/a><a href=\"https:\/\/br.linkedin.com\/school\/oficialens\/?trk=article-ssr-frontend-pulse_little-mention\" target=\"_blank\" rel=\"noreferrer noopener\">ENS-Escola de Neg\u00f3cios e Seguros<\/a>&nbsp;<a href=\"https:\/\/br.linkedin.com\/company\/susep?trk=article-ssr-frontend-pulse_little-mention\" target=\"_blank\" rel=\"noreferrer noopener\">SUSEP &#8211; Superintend\u00eancia de Seguros Privados<\/a>&nbsp;<a href=\"https:\/\/br.linkedin.com\/company\/camaraenet?trk=article-ssr-frontend-pulse_little-mention\" target=\"_blank\" rel=\"noreferrer noopener\">C\u00e2mara Brasileira da Economia Digital<\/a><\/p>\n","protected":false},"excerpt":{"rendered":"<p>Fonte: Linkedin Manoel Matos &#8211; Corretor de Seguros e Vice Presidente da Fenacor Seguran\u00e7a digital costuma ser tratada a partir de camadas tecnol\u00f3gicas sofisticadas: firewalls, criptografia, SOCs, centros de resposta a incidentes. Tudo isso \u00e9 relevante. Mas existe um ponto anterior, estrutural e muitas vezes negligenciado, onde nascem as maiores fragilidades sist\u00eamicas: a&nbsp;identidade digital do [&hellip;]<\/p>\n","protected":false},"author":2,"featured_media":2472,"comment_status":"open","ping_status":"open","sticky":false,"template":"","format":"standard","meta":[],"categories":[1],"tags":[],"_links":{"self":[{"href":"https:\/\/andradeseguros.com.br\/news\/index.php?rest_route=\/wp\/v2\/posts\/2471"}],"collection":[{"href":"https:\/\/andradeseguros.com.br\/news\/index.php?rest_route=\/wp\/v2\/posts"}],"about":[{"href":"https:\/\/andradeseguros.com.br\/news\/index.php?rest_route=\/wp\/v2\/types\/post"}],"author":[{"embeddable":true,"href":"https:\/\/andradeseguros.com.br\/news\/index.php?rest_route=\/wp\/v2\/users\/2"}],"replies":[{"embeddable":true,"href":"https:\/\/andradeseguros.com.br\/news\/index.php?rest_route=%2Fwp%2Fv2%2Fcomments&post=2471"}],"version-history":[{"count":2,"href":"https:\/\/andradeseguros.com.br\/news\/index.php?rest_route=\/wp\/v2\/posts\/2471\/revisions"}],"predecessor-version":[{"id":2474,"href":"https:\/\/andradeseguros.com.br\/news\/index.php?rest_route=\/wp\/v2\/posts\/2471\/revisions\/2474"}],"wp:featuredmedia":[{"embeddable":true,"href":"https:\/\/andradeseguros.com.br\/news\/index.php?rest_route=\/wp\/v2\/media\/2472"}],"wp:attachment":[{"href":"https:\/\/andradeseguros.com.br\/news\/index.php?rest_route=%2Fwp%2Fv2%2Fmedia&parent=2471"}],"wp:term":[{"taxonomy":"category","embeddable":true,"href":"https:\/\/andradeseguros.com.br\/news\/index.php?rest_route=%2Fwp%2Fv2%2Fcategories&post=2471"},{"taxonomy":"post_tag","embeddable":true,"href":"https:\/\/andradeseguros.com.br\/news\/index.php?rest_route=%2Fwp%2Fv2%2Ftags&post=2471"}],"curies":[{"name":"wp","href":"https:\/\/api.w.org\/{rel}","templated":true}]}}